{"id":1026,"date":"2021-12-14T14:37:43","date_gmt":"2021-12-14T13:37:43","guid":{"rendered":"https:\/\/www.blauweiss-hartefeld.de\/?p=1026"},"modified":"2022-02-21T13:49:05","modified_gmt":"2022-02-21T12:49:05","slug":"prinz-sven-i-regiert-in-hartefeld","status":"publish","type":"post","link":"https:\/\/www.blauweiss-hartefeld.de\/?p=1026","title":{"rendered":"Prinz Sven I. regiert in Hartefeld"},"content":{"rendered":"\n<p>Die Szenerie im Saal der \u201eDorfschmiede\u201c wirkte f\u00fcr eine Prinzenproklamation ein wenig merkw\u00fcrdig: Auf Abstand und in langer Schlange standen die G\u00e4ste von \u201eBlau-Wei\u00df\u201c Hartefeld vor dem Elferratstisch. Alle mit der festen Absicht, noch schnell ihre Vorhersage des n\u00e4chsten Hartefelder Narrenoberhauptes einzutragen. Grund genug f\u00fcr \u201eBlau-Wei\u00df\u201c-Pr\u00e4sident Lucas van Stephoudt sich nur ganz allm\u00e4hlich dem Rednerpult zu n\u00e4hern. Schlie\u00dflich erkannten die jubelnden Narren zum Finale seines Vortrags: Diesmal setzte sich der Favorit durch! Das sorgsam geh\u00fctete Geheimnis war keines mehr und in der n\u00e4rrischen \u201eDorfschmiede\u201c griff Sven I. (Forthmann) nach dem traditionsreichen Hartefelder Zepter. Er f\u00fchrt als Prinz Karneval die \u201eBlau-Wei\u00dfen\u201c in die neue Session. Der 44-j\u00e4hrige \u201eChief-Marketing-Officer\u201c der Vaupel Orthop\u00e4die Technik aus Geldern f\u00fchrte seit Jahren die Liste der meistgenannten Namen bei der beliebten Tollit\u00e4ten-Wette im Hartefelder Karneval an und setzt nun die Reihe der n\u00e4rrischen Oberh\u00e4upter in der Karnevalsfamilie Forthmann fort.<\/p>\n\n\n\n<div class=\"wp-block-image\"><figure class=\"aligncenter size-large\"><img decoding=\"async\" src=\"https:\/\/www.hartefeld.de\/wp-content\/uploads\/2021\/11\/bild01-3.jpg\" alt=\"\"\/><figcaption>Repr\u00e4sentiert \u201eBlau-Wei\u00df\u201c und den Hartefelder Karneval in der neuen Session: Prinz Sven I. (Forthmann). Zu den ersten Gratulanten geh\u00f6rten \u201eBlau-Wei\u00df\u201c-Vorsitzender Norbert Clancett (rechts) und Elferratspr\u00e4sident Lucas van Stephoudt.<\/figcaption><\/figure><\/div>\n\n\n\n<p>Vor den Jubel hatten die Organisatoren die Sicherheit gesetzt: Alle G\u00e4ste, unter ihnen Gelderns stellvertretende B\u00fcrgermeisterin B\u00e4rbel Wolters, ihr Vorg\u00e4nger Rolf Pennings, Ortsb\u00fcrgermeister Friedhelm Dahl und selbstverst\u00e4ndlich die befreundeten Karnevalsvereine aus Geldern, Veert, Pont, Kapellen und von der Achterhoek mussten einen Impfnachweis erbringen. Umso ausgelassener durfte in den Abend des \u201eElften im Elften\u201c gefeiert werden, der von Blau-Wei\u00df-Boss Norbert Clancett er\u00f6ffnet wurde. Wehmut, Lachen, ehrende Anerkennung, Jubel und sogar Begeisterung zogen sich durch das Programm, das niemanden kalt lie\u00df.<br>Bevor Sven I. die Macht ergreifen konnte, nahmen die Narren Abschied von Ex-Prinz Bodo I. (Heitbrede) und seiner Garde, den Bodo-Boys. Dem lautstark vorgetragenen Wunsch der G\u00e4ste, noch einmal den Gardetanz zu pr\u00e4sentieren, erteilte der Ex-Prinz und fr\u00fchere Erfolgscoach von \u201eGr\u00fcn-Wei\u00df\u201c Vernum allerdings eine Absage, die er mit deutlichem Trainingsr\u00fcckstand begr\u00fcndete. Umso flotter und vermutlich ungewollt pr\u00e4zise war der Querpass in seiner Dankesrede: \u201eOb mir nun Sven oder wer auch immer hier nachfolgt \u2013 ich hoffe, er hat so viel Freude am Karneval, wie wir ihn hatten.\u201c Geheimnisverrat oder Zufall? Es lie\u00df sich weder kl\u00e4ren noch lie\u00df sich die Entscheidung weiter verheimlichen: Sven I. (Forthmann) ist bereits seit 2009 aktiv im Elferrat und hat sich seinen Ruf als \u201eChef-Organisator\u201c im Hartefelder Karneval redlich verdient. Der Mann, dessen Vater Hermann heute Ehrenpr\u00e4sident bei \u201eBlau-Wei\u00df\u201c ist und dessen Mutter Agi ihm ebenso als Prinzessin vorausging wie seine Schwester Ines, ist auch auf der B\u00fchne als Teil der \u201eBiertels\u201c kein Unbekannter. Er wird die Session mit starker Unterst\u00fctzung angehen, darunter seine Tochter Laurie, die als \u201eSchmaelenhofmariechen\u201c auf den B\u00fchnen des Gelderlandes tanzt. \u201eUnd au\u00dferdem habe ich die wahrscheinlich kleinste Garde der Welt\u201c, so der ansteckend fr\u00f6hliche Prinz, der danach Carsten Fl\u00f6hr und Frank Jegust als seine \u201eBiertels-Garde\u201c pr\u00e4sentierte. Eine zwar kleine Truppe, daf\u00fcr aber mit reichlich B\u00fchnenerfahrung gesegnet.<br>Die Reihe der Gratulanten, darunter auch Prinzessin Nadine I. aus Veert und Prinzessin Melinda I. aus Geldern, wollte kein Ende nehmen an einem Abend, an dem man am Stimmungsbarometer ablesen konnte, dass der Wunsch nach unbeschwertem Karneval gro\u00df ist \u2013 wohl nicht nur in Hartefeld. Dort freut man sich nun auf zwei Kappensitzungen, eine Sitzungsparty und nat\u00fcrlich den Rosenmontagszug am 28. Februar.<\/p>\n","protected":false},"excerpt":{"rendered":"<p>Die Szenerie im Saal der \u201eDorfschmiede\u201c wirkte f\u00fcr eine Prinzenproklamation ein wenig merkw\u00fcrdig: Auf Abstand und in langer Schlange standen die G\u00e4ste von \u201eBlau-Wei\u00df\u201c Hartefeld vor dem Elferratstisch. Alle mit der festen Absicht, noch schnell ihre Vorhersage des n\u00e4chsten Hartefelder Narrenoberhauptes einzutragen. Grund genug f\u00fcr \u201eBlau-Wei\u00df\u201c-Pr\u00e4sident Lucas van Stephoudt sich nur ganz allm\u00e4hlich dem Rednerpult zu n\u00e4hern. Schlie\u00dflich erkannten die jubelnden Narren zum Finale seines Vortrags: Diesmal setzte sich der Favorit durch! Das sorgsam geh\u00fctete<\/p>\n<div class=\"read-more-wrapper\"><a href=\"https:\/\/www.blauweiss-hartefeld.de\/?p=1026\" class=\"btn btn-green btn-read-more\" role=\"button\">weiterlesen<\/a><\/div>\n","protected":false},"author":1,"featured_media":19,"comment_status":"closed","ping_status":"closed","sticky":false,"template":"","format":"standard","meta":{"footnotes":""},"categories":[1],"tags":[],"class_list":["post-1026","post","type-post","status-publish","format-standard","has-post-thumbnail","hentry","category-uncategorized"],"_links":{"self":[{"href":"https:\/\/www.blauweiss-hartefeld.de\/index.php?rest_route=\/wp\/v2\/posts\/1026","targetHints":{"allow":["GET"]}}],"collection":[{"href":"https:\/\/www.blauweiss-hartefeld.de\/index.php?rest_route=\/wp\/v2\/posts"}],"about":[{"href":"https:\/\/www.blauweiss-hartefeld.de\/index.php?rest_route=\/wp\/v2\/types\/post"}],"author":[{"embeddable":true,"href":"https:\/\/www.blauweiss-hartefeld.de\/index.php?rest_route=\/wp\/v2\/users\/1"}],"replies":[{"embeddable":true,"href":"https:\/\/www.blauweiss-hartefeld.de\/index.php?rest_route=%2Fwp%2Fv2%2Fcomments&post=1026"}],"version-history":[{"count":2,"href":"https:\/\/www.blauweiss-hartefeld.de\/index.php?rest_route=\/wp\/v2\/posts\/1026\/revisions"}],"predecessor-version":[{"id":1029,"href":"https:\/\/www.blauweiss-hartefeld.de\/index.php?rest_route=\/wp\/v2\/posts\/1026\/revisions\/1029"}],"wp:featuredmedia":[{"embeddable":true,"href":"https:\/\/www.blauweiss-hartefeld.de\/index.php?rest_route=\/wp\/v2\/media\/19"}],"wp:attachment":[{"href":"https:\/\/www.blauweiss-hartefeld.de\/index.php?rest_route=%2Fwp%2Fv2%2Fmedia&parent=1026"}],"wp:term":[{"taxonomy":"category","embeddable":true,"href":"https:\/\/www.blauweiss-hartefeld.de\/index.php?rest_route=%2Fwp%2Fv2%2Fcategories&post=1026"},{"taxonomy":"post_tag","embeddable":true,"href":"https:\/\/www.blauweiss-hartefeld.de\/index.php?rest_route=%2Fwp%2Fv2%2Ftags&post=1026"}],"curies":[{"name":"wp","href":"https:\/\/api.w.org\/{rel}","templated":true}]}}