{"id":1045,"date":"2022-02-21T13:46:54","date_gmt":"2022-02-21T12:46:54","guid":{"rendered":"https:\/\/www.blauweiss-hartefeld.de\/?p=1045"},"modified":"2022-02-21T13:47:49","modified_gmt":"2022-02-21T12:47:49","slug":"rosenmontags-fete-in-hartefeld","status":"publish","type":"post","link":"https:\/\/www.blauweiss-hartefeld.de\/?p=1045","title":{"rendered":"Rosenmontags-Fete in Hartefeld"},"content":{"rendered":"\n<figure class=\"wp-block-image size-large\"><img loading=\"lazy\" decoding=\"async\" width=\"1024\" height=\"768\" src=\"https:\/\/www.blauweiss-hartefeld.de\/wp-content\/uploads\/2022\/02\/Prinz-1024x768.jpg\" alt=\"\" class=\"wp-image-1047\" srcset=\"https:\/\/www.blauweiss-hartefeld.de\/wp-content\/uploads\/2022\/02\/Prinz-1024x768.jpg 1024w, https:\/\/www.blauweiss-hartefeld.de\/wp-content\/uploads\/2022\/02\/Prinz-300x225.jpg 300w, https:\/\/www.blauweiss-hartefeld.de\/wp-content\/uploads\/2022\/02\/Prinz-250x188.jpg 250w, https:\/\/www.blauweiss-hartefeld.de\/wp-content\/uploads\/2022\/02\/Prinz-768x576.jpg 768w, https:\/\/www.blauweiss-hartefeld.de\/wp-content\/uploads\/2022\/02\/Prinz-1536x1152.jpg 1536w, https:\/\/www.blauweiss-hartefeld.de\/wp-content\/uploads\/2022\/02\/Prinz-40x30.jpg 40w, https:\/\/www.blauweiss-hartefeld.de\/wp-content\/uploads\/2022\/02\/Prinz-47x35.jpg 47w, https:\/\/www.blauweiss-hartefeld.de\/wp-content\/uploads\/2022\/02\/Prinz-333x250.jpg 333w, https:\/\/www.blauweiss-hartefeld.de\/wp-content\/uploads\/2022\/02\/Prinz-600x450.jpg 600w, https:\/\/www.blauweiss-hartefeld.de\/wp-content\/uploads\/2022\/02\/Prinz-285x214.jpg 285w, https:\/\/www.blauweiss-hartefeld.de\/wp-content\/uploads\/2022\/02\/Prinz-155x116.jpg 155w, https:\/\/www.blauweiss-hartefeld.de\/wp-content\/uploads\/2022\/02\/Prinz.jpg 2048w\" sizes=\"auto, (max-width: 1024px) 100vw, 1024px\" \/><figcaption>Pr\u00e4sentierten den neuen Hartefelder Sessionsorden und freuen sich auf die<br>&#8222;Rosenmontags-Fete&#8220; im &#8222;Dorf mit H.&#8220;: Gardist Karsten Fl\u00f6hr, Prinz Sven I.<br>(Forthmann), Schmaelenhof-Mariechen Laurie Forthmann und Gardist Frank<br>&#8222;Elvis&#8220; Jegust (von links).<br><br><\/figcaption><\/figure>\n\n\n\n<p>Der offizielle Hartefelder Karneval wurde zwar durch den Spielmannszug<br>&#8222;Blau-Wei\u00df&#8220;, der f\u00fcr den Saalkarneval zust\u00e4ndig ist, und die St. Antonius<br>Bruderschaft als Veranstalterin des Rosenmontagszuges, abgesagt, aber so<br>ganz m\u00f6chte das \u201eDorf mit H.\u201c nicht auf den n\u00e4rrischen Spa\u00df verzichten.<br>\u201eBlau-Wei\u00df\u201c-Vereinswirt Dragan Bozovic l\u00e4dt daher am Rosenmontag, 28.<br>Februar, ab 11.11 Uhr alle Jecken ein zur \u201eRosenmontags-Fete\u201c. Gefeiert<br>wird an der frischen Luft im Biergarten und im Au\u00dfenbereich der<br>\u201eDorfschmiede\u201c an der Hartefelder Dorfstra\u00dfe.<br>Mit dabei ist auch Hartefelds Prinz Sven I. (Forthmann) mit seiner<br>\u201eBiertels-Garde\u201c. Der Spielmannszug \u201eBlau-Wei\u00df\u201c bringt seinem Vereinswirt<br>ein St\u00e4ndchen. Der Eintritt ist frei.<br><br><\/p>\n","protected":false},"excerpt":{"rendered":"<p>Der offizielle Hartefelder Karneval wurde zwar durch den Spielmannszug&#8222;Blau-Wei\u00df&#8220;, der f\u00fcr den Saalkarneval zust\u00e4ndig ist, und die St. AntoniusBruderschaft als Veranstalterin des Rosenmontagszuges, abgesagt, aber soganz m\u00f6chte das \u201eDorf mit H.\u201c nicht auf den n\u00e4rrischen Spa\u00df verzichten.\u201eBlau-Wei\u00df\u201c-Vereinswirt Dragan Bozovic l\u00e4dt daher am Rosenmontag, 28.Februar, ab 11.11 Uhr alle Jecken ein zur \u201eRosenmontags-Fete\u201c. Gefeiertwird an der frischen Luft im Biergarten und im Au\u00dfenbereich der\u201eDorfschmiede\u201c an der Hartefelder Dorfstra\u00dfe.Mit dabei ist auch Hartefelds Prinz Sven I. (Forthmann)<\/p>\n<div class=\"read-more-wrapper\"><a href=\"https:\/\/www.blauweiss-hartefeld.de\/?p=1045\" class=\"btn btn-green btn-read-more\" role=\"button\">weiterlesen<\/a><\/div>\n","protected":false},"author":1,"featured_media":1047,"comment_status":"closed","ping_status":"closed","sticky":false,"template":"","format":"standard","meta":{"footnotes":""},"categories":[1],"tags":[],"class_list":["post-1045","post","type-post","status-publish","format-standard","has-post-thumbnail","hentry","category-uncategorized"],"_links":{"self":[{"href":"https:\/\/www.blauweiss-hartefeld.de\/index.php?rest_route=\/wp\/v2\/posts\/1045","targetHints":{"allow":["GET"]}}],"collection":[{"href":"https:\/\/www.blauweiss-hartefeld.de\/index.php?rest_route=\/wp\/v2\/posts"}],"about":[{"href":"https:\/\/www.blauweiss-hartefeld.de\/index.php?rest_route=\/wp\/v2\/types\/post"}],"author":[{"embeddable":true,"href":"https:\/\/www.blauweiss-hartefeld.de\/index.php?rest_route=\/wp\/v2\/users\/1"}],"replies":[{"embeddable":true,"href":"https:\/\/www.blauweiss-hartefeld.de\/index.php?rest_route=%2Fwp%2Fv2%2Fcomments&post=1045"}],"version-history":[{"count":1,"href":"https:\/\/www.blauweiss-hartefeld.de\/index.php?rest_route=\/wp\/v2\/posts\/1045\/revisions"}],"predecessor-version":[{"id":1048,"href":"https:\/\/www.blauweiss-hartefeld.de\/index.php?rest_route=\/wp\/v2\/posts\/1045\/revisions\/1048"}],"wp:featuredmedia":[{"embeddable":true,"href":"https:\/\/www.blauweiss-hartefeld.de\/index.php?rest_route=\/wp\/v2\/media\/1047"}],"wp:attachment":[{"href":"https:\/\/www.blauweiss-hartefeld.de\/index.php?rest_route=%2Fwp%2Fv2%2Fmedia&parent=1045"}],"wp:term":[{"taxonomy":"category","embeddable":true,"href":"https:\/\/www.blauweiss-hartefeld.de\/index.php?rest_route=%2Fwp%2Fv2%2Fcategories&post=1045"},{"taxonomy":"post_tag","embeddable":true,"href":"https:\/\/www.blauweiss-hartefeld.de\/index.php?rest_route=%2Fwp%2Fv2%2Ftags&post=1045"}],"curies":[{"name":"wp","href":"https:\/\/api.w.org\/{rel}","templated":true}]}}