{"id":1150,"date":"2025-01-23T11:51:00","date_gmt":"2025-01-23T10:51:00","guid":{"rendered":"https:\/\/www.blauweiss-hartefeld.de\/?p=1150"},"modified":"2025-01-23T12:04:01","modified_gmt":"2025-01-23T11:04:01","slug":"prinzenproklamation-11-11-2024","status":"publish","type":"post","link":"https:\/\/www.blauweiss-hartefeld.de\/?p=1150","title":{"rendered":"Prinzenproklamation 11.11.2024"},"content":{"rendered":"\n<figure class=\"wp-block-image size-large\"><img loading=\"lazy\" decoding=\"async\" width=\"819\" height=\"1024\" src=\"https:\/\/www.blauweiss-hartefeld.de\/wp-content\/uploads\/2025\/01\/Proklamation-Patty-I-819x1024.jpg\" alt=\"\" class=\"wp-image-1153\" srcset=\"https:\/\/www.blauweiss-hartefeld.de\/wp-content\/uploads\/2025\/01\/Proklamation-Patty-I-819x1024.jpg 819w, https:\/\/www.blauweiss-hartefeld.de\/wp-content\/uploads\/2025\/01\/Proklamation-Patty-I-240x300.jpg 240w, https:\/\/www.blauweiss-hartefeld.de\/wp-content\/uploads\/2025\/01\/Proklamation-Patty-I-200x250.jpg 200w, https:\/\/www.blauweiss-hartefeld.de\/wp-content\/uploads\/2025\/01\/Proklamation-Patty-I-768x960.jpg 768w, https:\/\/www.blauweiss-hartefeld.de\/wp-content\/uploads\/2025\/01\/Proklamation-Patty-I-1229x1536.jpg 1229w, https:\/\/www.blauweiss-hartefeld.de\/wp-content\/uploads\/2025\/01\/Proklamation-Patty-I-24x30.jpg 24w, https:\/\/www.blauweiss-hartefeld.de\/wp-content\/uploads\/2025\/01\/Proklamation-Patty-I-28x35.jpg 28w, https:\/\/www.blauweiss-hartefeld.de\/wp-content\/uploads\/2025\/01\/Proklamation-Patty-I-360x450.jpg 360w, https:\/\/www.blauweiss-hartefeld.de\/wp-content\/uploads\/2025\/01\/Proklamation-Patty-I-285x356.jpg 285w, https:\/\/www.blauweiss-hartefeld.de\/wp-content\/uploads\/2025\/01\/Proklamation-Patty-I-93x116.jpg 93w, https:\/\/www.blauweiss-hartefeld.de\/wp-content\/uploads\/2025\/01\/Proklamation-Patty-I.jpg 1440w\" sizes=\"auto, (max-width: 819px) 100vw, 819px\" \/><\/figure>\n\n\n<div class=\"has-text-align-left wp-block-post-excerpt\"><p class=\"wp-block-post-excerpt__excerpt\">Das Geheimnis ist gel\u00fcftet: Prinzessin Patty I. (Vogt) ist unser neues Narrenoberhaupt!<\/p><p class=\"wp-block-post-excerpt__more-text\"><a class=\"wp-block-post-excerpt__more-link\" href=\"https:\/\/www.blauweiss-hartefeld.de\/?p=1150\">Wir freuen uns sehr auf die gemeinsame Zeit mit Patty und den Muskebeers und w\u00fcnschen euch ganz viel Spa\u00df und eine tolle Session! <img loading=\"lazy\" decoding=\"async\" height=\"16\" width=\"16\" src=\"https:\/\/static.xx.fbcdn.net\/images\/emoji.php\/v9\/t8c\/1\/16\/1f389.png\" alt=\"&#x1f389;\"> @prinzessinpatty1_muskebeers<br>Ein weiteres Highlight des Abends war die Verleihung des gro\u00dfen Hartefelder Karnevalordens.<br>Diese besondere Ehre wurde Sabine Cox zugeteilt, die am Montag ihr 25 J\u00e4hriges Jubil\u00e4um im Gelderner und Hartefelder Karneval feierte.<br>Wir danken dir sehr f\u00fcr deine Arbeit und dein Engagement! <img loading=\"lazy\" decoding=\"async\" height=\"16\" width=\"16\" src=\"https:\/\/static.xx.fbcdn.net\/images\/emoji.php\/v9\/tea\/1\/16\/1f970.png\" alt=\"&#x1f970;\"><br>Vielen Dank auch f\u00fcr die zahlreichen Besucher der anderen Vereine! Wir haben uns sehr gefreut <img loading=\"lazy\" decoding=\"async\" height=\"16\" width=\"16\" src=\"https:\/\/static.xx.fbcdn.net\/images\/emoji.php\/v9\/t2\/1\/16\/1f60d.png\" alt=\"&#x1f60d;\"><br>@vvk_prinzessinmadeleine<br><a href=\"https:\/\/l.facebook.com\/l.php?u=https%3A%2F%2Fwww.instagram.com%2F_u%2Fkkgkapellen%3Ffbclid%3DIwZXh0bgNhZW0CMTAAAR3rweFQodaXIUJcKh9OtJgb70vf095Lc58Tgvvsp6E4LH-D1yVzPotEA2U_aem_hFZ8-9JGAVpDmzrg3GQQgw&amp;h=AT3kI1GQx_FldQNcVQV-p98XwbteYzh4tK_9SFSfq8Un3kLN810slkJgHn4voKGqXuRFuDI7u2lKW17XGvlWQqAxZ7EoQCEhm5A-r6LHtoYqavJnpFGF111tVgkuEUEIfA_6&amp;__tn__=-UK-R&amp;c[0]=AT3rFh-MUT7kDd3Ji-XeCXcZJO6QLzzQrp8POT5vHu00vR0LqWjeSw4KwUGbkAh01n68icofNFXxFz86em1nFB8f7fO_fhUouQlBVrulvlW_MdWbiJ1YJVlLR3xXCKP7NhraJfwpPtvOMBCicAzMixKmJPLljQpAaVgnAItAo1CGnyizwLPnszrme1J01u66oMf9iAlsv5bq616nT_S0wQGkHPA\" target=\"_blank\" rel=\"noreferrer noopener\">@kkgkapellen<\/a><br><a href=\"https:\/\/l.facebook.com\/l.php?u=https%3A%2F%2Fwww.instagram.com%2F_u%2Fkfgeldern%3Ffbclid%3DIwZXh0bgNhZW0CMTAAAR1PaDsJVSxYdxbiDi-K-lnmr8yL857q9pG0LUiIU1HSMsn11I-7sKVi1AA_aem_z2-dGDGI-U3b8309Zkg9jw&amp;h=AT0gA_fn8htCcz3nnvnXSc2lk8-cMXUpLcjNekfpAmrwdkXgHZ-k4OfTdxgZqTM67FLxiQ7KVCInbH8XCZsHeyEIDQkwXtKKpx-ZfpRyB0xP9UhA99eMNqnAGH_TRcoyHDhK&amp;__tn__=-UK-R&amp;c[0]=AT3rFh-MUT7kDd3Ji-XeCXcZJO6QLzzQrp8POT5vHu00vR0LqWjeSw4KwUGbkAh01n68icofNFXxFz86em1nFB8f7fO_fhUouQlBVrulvlW_MdWbiJ1YJVlLR3xXCKP7NhraJfwpPtvOMBCicAzMixKmJPLljQpAaVgnAItAo1CGnyizwLPnszrme1J01u66oMf9iAlsv5bq616nT_S0wQGkHPA\" target=\"_blank\" rel=\"noreferrer noopener\">@kfgeldern<\/a><br>@vvk_veert<br><a href=\"https:\/\/l.facebook.com\/l.php?u=https%3A%2F%2Fwww.instagram.com%2F_u%2Fkfgeldern%3Ffbclid%3DIwZXh0bgNhZW0CMTAAAR11tJZuIVVku49h6IPNg-2eGCPfvWg9iY9A1ETj98FZu4WM0bcALdN0ikw_aem_l54dZWMqhi5A01eDIqc9MQ&amp;h=AT0gA_fn8htCcz3nnvnXSc2lk8-cMXUpLcjNekfpAmrwdkXgHZ-k4OfTdxgZqTM67FLxiQ7KVCInbH8XCZsHeyEIDQkwXtKKpx-ZfpRyB0xP9UhA99eMNqnAGH_TRcoyHDhK&amp;__tn__=-UK-R&amp;c[0]=AT3rFh-MUT7kDd3Ji-XeCXcZJO6QLzzQrp8POT5vHu00vR0LqWjeSw4KwUGbkAh01n68icofNFXxFz86em1nFB8f7fO_fhUouQlBVrulvlW_MdWbiJ1YJVlLR3xXCKP7NhraJfwpPtvOMBCicAzMixKmJPLljQpAaVgnAItAo1CGnyizwLPnszrme1J01u66oMf9iAlsv5bq616nT_S0wQGkHPA\" target=\"_blank\" rel=\"noreferrer noopener\">@kfgeldern<\/a><br><a href=\"https:\/\/l.facebook.com\/l.php?u=https%3A%2F%2Fwww.instagram.com%2F_u%2Fkkggeldern%3Ffbclid%3DIwZXh0bgNhZW0CMTAAAR2Tsgtrao9jbQgb9oAyYeYaph40yqvT8SvQfhOv8Ce5zvarGvYZXZevQFY_aem_cB_B42-rhPXMWLx98cF7uQ&amp;h=AT1h3MsQ30LRdSOhdV-i9FUgx5pa1SIagHdBUFZ62qNqusaxjPrYdQE86iR6U4u5yfA_oaRi92Bs4WeUs3aQ2qqSYYBjxZNILM5sM2dw6RCPGVQikR5y8tipZVKBq9dw3XnB&amp;__tn__=-UK-R&amp;c[0]=AT3rFh-MUT7kDd3Ji-XeCXcZJO6QLzzQrp8POT5vHu00vR0LqWjeSw4KwUGbkAh01n68icofNFXxFz86em1nFB8f7fO_fhUouQlBVrulvlW_MdWbiJ1YJVlLR3xXCKP7NhraJfwpPtvOMBCicAzMixKmJPLljQpAaVgnAItAo1CGnyizwLPnszrme1J01u66oMf9iAlsv5bq616nT_S0wQGkHPA\" target=\"_blank\" rel=\"noreferrer noopener\">@kkggeldern<\/a><br>@ossenberg_helau<br>@ossenberger_tanzgarden<br><a href=\"https:\/\/www.instagram.com\/_u\/prinzengarde_straelen?fbclid=IwZXh0bgNhZW0CMTAAAR0xQOtAhWFoD8IkTrojIMGsYT_nEk4DPNjFZmojTjHrnAkL9-Hv-NCx9x8_aem_bNTH1sbrEcDOaVQlxNSP7Q\" target=\"_blank\" rel=\"noreferrer noopener\">@prinzengarde_straelen<\/a><br>@koundka<br>Auf Patty und Sabine ein dreifaches Hartefeld Helau! <img loading=\"lazy\" decoding=\"async\" height=\"16\" width=\"16\" src=\"https:\/\/static.xx.fbcdn.net\/images\/emoji.php\/v9\/t8c\/1\/16\/1f389.png\" alt=\"&#x1f389;\"><img loading=\"lazy\" decoding=\"async\" height=\"16\" width=\"16\" src=\"https:\/\/static.xx.fbcdn.net\/images\/emoji.php\/v9\/t8c\/1\/16\/1f389.png\" alt=\"&#x1f389;\"><img loading=\"lazy\" decoding=\"async\" height=\"16\" width=\"16\" src=\"https:\/\/static.xx.fbcdn.net\/images\/emoji.php\/v9\/t8c\/1\/16\/1f389.png\" alt=\"&#x1f389;\"><\/a><\/p><\/div>\n\n\n<figure class=\"wp-block-image size-large\"><img loading=\"lazy\" decoding=\"async\" width=\"819\" height=\"1024\" src=\"https:\/\/www.blauweiss-hartefeld.de\/wp-content\/uploads\/2025\/01\/Ehrenordenstraegerin_Cox-Sabine-819x1024.jpg\" alt=\"\" class=\"wp-image-1152\" srcset=\"https:\/\/www.blauweiss-hartefeld.de\/wp-content\/uploads\/2025\/01\/Ehrenordenstraegerin_Cox-Sabine-819x1024.jpg 819w, https:\/\/www.blauweiss-hartefeld.de\/wp-content\/uploads\/2025\/01\/Ehrenordenstraegerin_Cox-Sabine-240x300.jpg 240w, https:\/\/www.blauweiss-hartefeld.de\/wp-content\/uploads\/2025\/01\/Ehrenordenstraegerin_Cox-Sabine-200x250.jpg 200w, https:\/\/www.blauweiss-hartefeld.de\/wp-content\/uploads\/2025\/01\/Ehrenordenstraegerin_Cox-Sabine-768x960.jpg 768w, https:\/\/www.blauweiss-hartefeld.de\/wp-content\/uploads\/2025\/01\/Ehrenordenstraegerin_Cox-Sabine-1229x1536.jpg 1229w, https:\/\/www.blauweiss-hartefeld.de\/wp-content\/uploads\/2025\/01\/Ehrenordenstraegerin_Cox-Sabine-24x30.jpg 24w, https:\/\/www.blauweiss-hartefeld.de\/wp-content\/uploads\/2025\/01\/Ehrenordenstraegerin_Cox-Sabine-28x35.jpg 28w, https:\/\/www.blauweiss-hartefeld.de\/wp-content\/uploads\/2025\/01\/Ehrenordenstraegerin_Cox-Sabine-360x450.jpg 360w, https:\/\/www.blauweiss-hartefeld.de\/wp-content\/uploads\/2025\/01\/Ehrenordenstraegerin_Cox-Sabine-285x356.jpg 285w, https:\/\/www.blauweiss-hartefeld.de\/wp-content\/uploads\/2025\/01\/Ehrenordenstraegerin_Cox-Sabine-93x116.jpg 93w, https:\/\/www.blauweiss-hartefeld.de\/wp-content\/uploads\/2025\/01\/Ehrenordenstraegerin_Cox-Sabine.jpg 1440w\" sizes=\"auto, (max-width: 819px) 100vw, 819px\" \/><\/figure>\n\n\n\n<p>Unsere Ehrenordenstr\u00e4gerin Sabine Cox bei der Laudatio durch unseren Pr\u00e4sidenten Lucas van Stephoudt<\/p>\n\n\n\n<figure class=\"wp-block-image size-large\"><img loading=\"lazy\" decoding=\"async\" width=\"819\" height=\"1024\" src=\"https:\/\/www.blauweiss-hartefeld.de\/wp-content\/uploads\/2025\/01\/Prinzessin-Patty-I.-und-die-Muskebeers-819x1024.jpg\" alt=\"\" class=\"wp-image-1151\" srcset=\"https:\/\/www.blauweiss-hartefeld.de\/wp-content\/uploads\/2025\/01\/Prinzessin-Patty-I.-und-die-Muskebeers-819x1024.jpg 819w, https:\/\/www.blauweiss-hartefeld.de\/wp-content\/uploads\/2025\/01\/Prinzessin-Patty-I.-und-die-Muskebeers-240x300.jpg 240w, https:\/\/www.blauweiss-hartefeld.de\/wp-content\/uploads\/2025\/01\/Prinzessin-Patty-I.-und-die-Muskebeers-200x250.jpg 200w, https:\/\/www.blauweiss-hartefeld.de\/wp-content\/uploads\/2025\/01\/Prinzessin-Patty-I.-und-die-Muskebeers-768x960.jpg 768w, https:\/\/www.blauweiss-hartefeld.de\/wp-content\/uploads\/2025\/01\/Prinzessin-Patty-I.-und-die-Muskebeers-1229x1536.jpg 1229w, https:\/\/www.blauweiss-hartefeld.de\/wp-content\/uploads\/2025\/01\/Prinzessin-Patty-I.-und-die-Muskebeers-24x30.jpg 24w, https:\/\/www.blauweiss-hartefeld.de\/wp-content\/uploads\/2025\/01\/Prinzessin-Patty-I.-und-die-Muskebeers-28x35.jpg 28w, https:\/\/www.blauweiss-hartefeld.de\/wp-content\/uploads\/2025\/01\/Prinzessin-Patty-I.-und-die-Muskebeers-360x450.jpg 360w, https:\/\/www.blauweiss-hartefeld.de\/wp-content\/uploads\/2025\/01\/Prinzessin-Patty-I.-und-die-Muskebeers-285x356.jpg 285w, https:\/\/www.blauweiss-hartefeld.de\/wp-content\/uploads\/2025\/01\/Prinzessin-Patty-I.-und-die-Muskebeers-93x116.jpg 93w, https:\/\/www.blauweiss-hartefeld.de\/wp-content\/uploads\/2025\/01\/Prinzessin-Patty-I.-und-die-Muskebeers.jpg 1440w\" sizes=\"auto, (max-width: 819px) 100vw, 819px\" \/><\/figure>\n\n\n\n<p>Unsere neu gekr\u00f6nte Prinzessin Patty I. (Vogt) mit ihrer Garde den Muskebeers<\/p>\n\n\n\n<p><\/p>\n","protected":false},"excerpt":{"rendered":"<p>Das Geheimnis ist gel\u00fcftet: Prinzessin Patty I. (Vogt) ist unser neues Narrenoberhaupt!<\/p>\n","protected":false},"author":1,"featured_media":1153,"comment_status":"closed","ping_status":"closed","sticky":false,"template":"","format":"standard","meta":{"footnotes":""},"categories":[5],"tags":[],"class_list":["post-1150","post","type-post","status-publish","format-standard","has-post-thumbnail","hentry","category-karneval"],"_links":{"self":[{"href":"https:\/\/www.blauweiss-hartefeld.de\/index.php?rest_route=\/wp\/v2\/posts\/1150","targetHints":{"allow":["GET"]}}],"collection":[{"href":"https:\/\/www.blauweiss-hartefeld.de\/index.php?rest_route=\/wp\/v2\/posts"}],"about":[{"href":"https:\/\/www.blauweiss-hartefeld.de\/index.php?rest_route=\/wp\/v2\/types\/post"}],"author":[{"embeddable":true,"href":"https:\/\/www.blauweiss-hartefeld.de\/index.php?rest_route=\/wp\/v2\/users\/1"}],"replies":[{"embeddable":true,"href":"https:\/\/www.blauweiss-hartefeld.de\/index.php?rest_route=%2Fwp%2Fv2%2Fcomments&post=1150"}],"version-history":[{"count":6,"href":"https:\/\/www.blauweiss-hartefeld.de\/index.php?rest_route=\/wp\/v2\/posts\/1150\/revisions"}],"predecessor-version":[{"id":1163,"href":"https:\/\/www.blauweiss-hartefeld.de\/index.php?rest_route=\/wp\/v2\/posts\/1150\/revisions\/1163"}],"wp:featuredmedia":[{"embeddable":true,"href":"https:\/\/www.blauweiss-hartefeld.de\/index.php?rest_route=\/wp\/v2\/media\/1153"}],"wp:attachment":[{"href":"https:\/\/www.blauweiss-hartefeld.de\/index.php?rest_route=%2Fwp%2Fv2%2Fmedia&parent=1150"}],"wp:term":[{"taxonomy":"category","embeddable":true,"href":"https:\/\/www.blauweiss-hartefeld.de\/index.php?rest_route=%2Fwp%2Fv2%2Fcategories&post=1150"},{"taxonomy":"post_tag","embeddable":true,"href":"https:\/\/www.blauweiss-hartefeld.de\/index.php?rest_route=%2Fwp%2Fv2%2Ftags&post=1150"}],"curies":[{"name":"wp","href":"https:\/\/api.w.org\/{rel}","templated":true}]}}