{"id":1164,"date":"2025-01-23T12:25:51","date_gmt":"2025-01-23T11:25:51","guid":{"rendered":"https:\/\/www.blauweiss-hartefeld.de\/?p=1164"},"modified":"2025-01-23T12:27:16","modified_gmt":"2025-01-23T11:27:16","slug":"christkoenigsfest-24-11-2024","status":"publish","type":"post","link":"https:\/\/www.blauweiss-hartefeld.de\/?p=1164","title":{"rendered":"Christk\u00f6nigsfest 24.11.2024"},"content":{"rendered":"\n<figure class=\"wp-block-image size-large\"><img loading=\"lazy\" decoding=\"async\" width=\"1024\" height=\"768\" src=\"https:\/\/www.blauweiss-hartefeld.de\/wp-content\/uploads\/2025\/01\/Winterkirmes1-1024x768.jpg\" alt=\"\" class=\"wp-image-1166\" srcset=\"https:\/\/www.blauweiss-hartefeld.de\/wp-content\/uploads\/2025\/01\/Winterkirmes1-1024x768.jpg 1024w, https:\/\/www.blauweiss-hartefeld.de\/wp-content\/uploads\/2025\/01\/Winterkirmes1-300x225.jpg 300w, https:\/\/www.blauweiss-hartefeld.de\/wp-content\/uploads\/2025\/01\/Winterkirmes1-250x188.jpg 250w, https:\/\/www.blauweiss-hartefeld.de\/wp-content\/uploads\/2025\/01\/Winterkirmes1-768x576.jpg 768w, https:\/\/www.blauweiss-hartefeld.de\/wp-content\/uploads\/2025\/01\/Winterkirmes1-40x30.jpg 40w, https:\/\/www.blauweiss-hartefeld.de\/wp-content\/uploads\/2025\/01\/Winterkirmes1-47x35.jpg 47w, https:\/\/www.blauweiss-hartefeld.de\/wp-content\/uploads\/2025\/01\/Winterkirmes1-333x250.jpg 333w, https:\/\/www.blauweiss-hartefeld.de\/wp-content\/uploads\/2025\/01\/Winterkirmes1-600x450.jpg 600w, https:\/\/www.blauweiss-hartefeld.de\/wp-content\/uploads\/2025\/01\/Winterkirmes1-285x214.jpg 285w, https:\/\/www.blauweiss-hartefeld.de\/wp-content\/uploads\/2025\/01\/Winterkirmes1-155x116.jpg 155w, https:\/\/www.blauweiss-hartefeld.de\/wp-content\/uploads\/2025\/01\/Winterkirmes1.jpg 1440w\" sizes=\"auto, (max-width: 1024px) 100vw, 1024px\" \/><\/figure>\n\n\n\n<p><\/p>\n\n\n\n<figure class=\"wp-block-image size-large\"><img loading=\"lazy\" decoding=\"async\" width=\"1024\" height=\"768\" src=\"https:\/\/www.blauweiss-hartefeld.de\/wp-content\/uploads\/2025\/01\/Winterkirmes2-1024x768.jpg\" alt=\"\" class=\"wp-image-1165\" srcset=\"https:\/\/www.blauweiss-hartefeld.de\/wp-content\/uploads\/2025\/01\/Winterkirmes2-1024x768.jpg 1024w, https:\/\/www.blauweiss-hartefeld.de\/wp-content\/uploads\/2025\/01\/Winterkirmes2-300x225.jpg 300w, https:\/\/www.blauweiss-hartefeld.de\/wp-content\/uploads\/2025\/01\/Winterkirmes2-250x188.jpg 250w, https:\/\/www.blauweiss-hartefeld.de\/wp-content\/uploads\/2025\/01\/Winterkirmes2-768x576.jpg 768w, https:\/\/www.blauweiss-hartefeld.de\/wp-content\/uploads\/2025\/01\/Winterkirmes2-40x30.jpg 40w, https:\/\/www.blauweiss-hartefeld.de\/wp-content\/uploads\/2025\/01\/Winterkirmes2-47x35.jpg 47w, https:\/\/www.blauweiss-hartefeld.de\/wp-content\/uploads\/2025\/01\/Winterkirmes2-333x250.jpg 333w, https:\/\/www.blauweiss-hartefeld.de\/wp-content\/uploads\/2025\/01\/Winterkirmes2-600x450.jpg 600w, https:\/\/www.blauweiss-hartefeld.de\/wp-content\/uploads\/2025\/01\/Winterkirmes2-285x214.jpg 285w, https:\/\/www.blauweiss-hartefeld.de\/wp-content\/uploads\/2025\/01\/Winterkirmes2-155x116.jpg 155w, https:\/\/www.blauweiss-hartefeld.de\/wp-content\/uploads\/2025\/01\/Winterkirmes2.jpg 1126w\" sizes=\"auto, (max-width: 1024px) 100vw, 1024px\" \/><\/figure>\n\n\n<div class=\"wp-block-post-excerpt\"><p class=\"wp-block-post-excerpt__excerpt\"><\/p><p class=\"wp-block-post-excerpt__more-text\"><a class=\"wp-block-post-excerpt__more-link\" href=\"https:\/\/www.blauweiss-hartefeld.de\/?p=1164\">Am Sonntag begleiteten wir die Bruderschaft anl\u00e4sslich des Totensonntags zu unserem Vereinslokal &#8218;Zur Dorfschmiede&#8216;. <br>Mit dem Pr\u00e4sentiermarsch wurde der Festkettentr\u00e4ger sowie der K\u00f6nig inklusive Begleitungen aus der Kirche gespielt.<br>Als wir nach ein paar Liedern bei Dragan ankamen, erwartete er uns schon und wir tranken uns a\u00dfen noch gemeinsam.<\/a><\/p><\/div>","protected":false},"excerpt":{"rendered":"","protected":false},"author":1,"featured_media":1165,"comment_status":"closed","ping_status":"closed","sticky":false,"template":"","format":"standard","meta":{"footnotes":""},"categories":[7],"tags":[],"class_list":["post-1164","post","type-post","status-publish","format-standard","has-post-thumbnail","hentry","category-musikalisch"],"_links":{"self":[{"href":"https:\/\/www.blauweiss-hartefeld.de\/index.php?rest_route=\/wp\/v2\/posts\/1164","targetHints":{"allow":["GET"]}}],"collection":[{"href":"https:\/\/www.blauweiss-hartefeld.de\/index.php?rest_route=\/wp\/v2\/posts"}],"about":[{"href":"https:\/\/www.blauweiss-hartefeld.de\/index.php?rest_route=\/wp\/v2\/types\/post"}],"author":[{"embeddable":true,"href":"https:\/\/www.blauweiss-hartefeld.de\/index.php?rest_route=\/wp\/v2\/users\/1"}],"replies":[{"embeddable":true,"href":"https:\/\/www.blauweiss-hartefeld.de\/index.php?rest_route=%2Fwp%2Fv2%2Fcomments&post=1164"}],"version-history":[{"count":3,"href":"https:\/\/www.blauweiss-hartefeld.de\/index.php?rest_route=\/wp\/v2\/posts\/1164\/revisions"}],"predecessor-version":[{"id":1169,"href":"https:\/\/www.blauweiss-hartefeld.de\/index.php?rest_route=\/wp\/v2\/posts\/1164\/revisions\/1169"}],"wp:featuredmedia":[{"embeddable":true,"href":"https:\/\/www.blauweiss-hartefeld.de\/index.php?rest_route=\/wp\/v2\/media\/1165"}],"wp:attachment":[{"href":"https:\/\/www.blauweiss-hartefeld.de\/index.php?rest_route=%2Fwp%2Fv2%2Fmedia&parent=1164"}],"wp:term":[{"taxonomy":"category","embeddable":true,"href":"https:\/\/www.blauweiss-hartefeld.de\/index.php?rest_route=%2Fwp%2Fv2%2Fcategories&post=1164"},{"taxonomy":"post_tag","embeddable":true,"href":"https:\/\/www.blauweiss-hartefeld.de\/index.php?rest_route=%2Fwp%2Fv2%2Ftags&post=1164"}],"curies":[{"name":"wp","href":"https:\/\/api.w.org\/{rel}","templated":true}]}}