{"id":1412,"date":"2025-07-28T07:44:56","date_gmt":"2025-07-28T06:44:56","guid":{"rendered":"https:\/\/www.blauweiss-hartefeld.de\/?p=1412"},"modified":"2025-07-29T07:04:17","modified_gmt":"2025-07-29T06:04:17","slug":"vogelschiessen-2025-neuer-hofstaat-steht-fest","status":"publish","type":"post","link":"https:\/\/www.blauweiss-hartefeld.de\/?p=1412","title":{"rendered":"Vogelschiessen 2025: Neuer Hofstaat steht fest"},"content":{"rendered":"\n<p>Dieses Mal befindet sich der Hofstaat komplett in Blau-Wei\u00dfer Hand zum 70. Jubil\u00e4umsjahr<\/p>\n\n\n\n<p>Neben Festkettentr\u00e4ger Herbert van Stephoudt hat gestern am 27.7.2025 sein Sohn Lucas van Stephoudt den letzten Schuss auf den Vogel vorgenommen und damit den neuen Hofstaat best\u00e4tigt.<\/p>\n\n\n\n<figure class=\"wp-block-image size-full is-resized\"><img loading=\"lazy\" decoding=\"async\" width=\"1200\" height=\"1600\" src=\"https:\/\/www.blauweiss-hartefeld.de\/wp-content\/uploads\/2025\/07\/WhatsApp-Bild-2025-07-28-um-06.52.24_23edafa5.jpg\" alt=\"\" class=\"wp-image-1411\" style=\"width:840px;height:auto\" srcset=\"https:\/\/www.blauweiss-hartefeld.de\/wp-content\/uploads\/2025\/07\/WhatsApp-Bild-2025-07-28-um-06.52.24_23edafa5.jpg 1200w, https:\/\/www.blauweiss-hartefeld.de\/wp-content\/uploads\/2025\/07\/WhatsApp-Bild-2025-07-28-um-06.52.24_23edafa5-225x300.jpg 225w, https:\/\/www.blauweiss-hartefeld.de\/wp-content\/uploads\/2025\/07\/WhatsApp-Bild-2025-07-28-um-06.52.24_23edafa5-768x1024.jpg 768w, https:\/\/www.blauweiss-hartefeld.de\/wp-content\/uploads\/2025\/07\/WhatsApp-Bild-2025-07-28-um-06.52.24_23edafa5-188x250.jpg 188w, https:\/\/www.blauweiss-hartefeld.de\/wp-content\/uploads\/2025\/07\/WhatsApp-Bild-2025-07-28-um-06.52.24_23edafa5-300x400.jpg 300w, https:\/\/www.blauweiss-hartefeld.de\/wp-content\/uploads\/2025\/07\/WhatsApp-Bild-2025-07-28-um-06.52.24_23edafa5-1152x1536.jpg 1152w, https:\/\/www.blauweiss-hartefeld.de\/wp-content\/uploads\/2025\/07\/WhatsApp-Bild-2025-07-28-um-06.52.24_23edafa5-23x30.jpg 23w, https:\/\/www.blauweiss-hartefeld.de\/wp-content\/uploads\/2025\/07\/WhatsApp-Bild-2025-07-28-um-06.52.24_23edafa5-26x35.jpg 26w, https:\/\/www.blauweiss-hartefeld.de\/wp-content\/uploads\/2025\/07\/WhatsApp-Bild-2025-07-28-um-06.52.24_23edafa5-338x450.jpg 338w, https:\/\/www.blauweiss-hartefeld.de\/wp-content\/uploads\/2025\/07\/WhatsApp-Bild-2025-07-28-um-06.52.24_23edafa5-285x380.jpg 285w, https:\/\/www.blauweiss-hartefeld.de\/wp-content\/uploads\/2025\/07\/WhatsApp-Bild-2025-07-28-um-06.52.24_23edafa5-87x116.jpg 87w\" sizes=\"auto, (max-width: 1200px) 100vw, 1200px\" \/><\/figure>\n\n\n\n<p>Der neue Hofstaat besteht aus:<\/p>\n\n\n\n<p>von links: Minister Simon Schmaelen mit Julia; K\u00f6nig Lucas van Stephoudt mit Michelle; Minister Fabian Clancett mit Fabienne; K\u00f6nigsadjutant Thomas Jentjens<\/p>\n\n\n\n<p>Der Hofstaat samt Festkettentr\u00e4ger freut sich mit euch allen die Kirmes vom 4. bis 8. September 2025 in Hartefeld am Marktplatz im Sch\u00fctzenzelt zu feiern.<\/p>\n\n\n\n<p>Das genaue Programm folgt. N\u00e4heres aktuell nach Bekanntgabe unter <a href=\"https:\/\/www.blauweiss-hartefeld.de\/?page_id=48\" data-type=\"page\" data-id=\"48\">&#8222;Termine&#8220;<\/a> bei uns auf der Seite.<\/p>\n\n\n\n<figure class=\"wp-block-image size-large\"><img loading=\"lazy\" decoding=\"async\" width=\"1024\" height=\"684\" src=\"https:\/\/www.blauweiss-hartefeld.de\/wp-content\/uploads\/2025\/07\/WhatsApp-Bild-2025-07-28-um-23.33.04_cab25904-1024x684.jpg\" alt=\"\" class=\"wp-image-1425\" srcset=\"https:\/\/www.blauweiss-hartefeld.de\/wp-content\/uploads\/2025\/07\/WhatsApp-Bild-2025-07-28-um-23.33.04_cab25904-1024x684.jpg 1024w, https:\/\/www.blauweiss-hartefeld.de\/wp-content\/uploads\/2025\/07\/WhatsApp-Bild-2025-07-28-um-23.33.04_cab25904-300x200.jpg 300w, https:\/\/www.blauweiss-hartefeld.de\/wp-content\/uploads\/2025\/07\/WhatsApp-Bild-2025-07-28-um-23.33.04_cab25904-250x167.jpg 250w, https:\/\/www.blauweiss-hartefeld.de\/wp-content\/uploads\/2025\/07\/WhatsApp-Bild-2025-07-28-um-23.33.04_cab25904-768x513.jpg 768w, https:\/\/www.blauweiss-hartefeld.de\/wp-content\/uploads\/2025\/07\/WhatsApp-Bild-2025-07-28-um-23.33.04_cab25904-391x260.jpg 391w, https:\/\/www.blauweiss-hartefeld.de\/wp-content\/uploads\/2025\/07\/WhatsApp-Bild-2025-07-28-um-23.33.04_cab25904-45x30.jpg 45w, https:\/\/www.blauweiss-hartefeld.de\/wp-content\/uploads\/2025\/07\/WhatsApp-Bild-2025-07-28-um-23.33.04_cab25904-52x35.jpg 52w, https:\/\/www.blauweiss-hartefeld.de\/wp-content\/uploads\/2025\/07\/WhatsApp-Bild-2025-07-28-um-23.33.04_cab25904-375x250.jpg 375w, https:\/\/www.blauweiss-hartefeld.de\/wp-content\/uploads\/2025\/07\/WhatsApp-Bild-2025-07-28-um-23.33.04_cab25904-600x401.jpg 600w, https:\/\/www.blauweiss-hartefeld.de\/wp-content\/uploads\/2025\/07\/WhatsApp-Bild-2025-07-28-um-23.33.04_cab25904-285x190.jpg 285w, https:\/\/www.blauweiss-hartefeld.de\/wp-content\/uploads\/2025\/07\/WhatsApp-Bild-2025-07-28-um-23.33.04_cab25904-174x116.jpg 174w, https:\/\/www.blauweiss-hartefeld.de\/wp-content\/uploads\/2025\/07\/WhatsApp-Bild-2025-07-28-um-23.33.04_cab25904.jpg 1200w\" sizes=\"auto, (max-width: 1024px) 100vw, 1024px\" \/><\/figure>\n\n\n\n<p>Bild: Lucas van Stephoudt bei einem seiner treffsicheren Sch\u00fcsse.<\/p>\n\n\n\n<p>F\u00fcr das Bild: Danke an Lukas Poschmann<\/p>\n","protected":false},"excerpt":{"rendered":"<p>Dieses Mal befindet sich der Hofstaat komplett in Blau-Wei\u00dfer Hand zum 70. Jubil\u00e4umsjahr Neben Festkettentr\u00e4ger Herbert van Stephoudt hat gestern am 27.7.2025 sein Sohn Lucas van Stephoudt den letzten Schuss auf den Vogel vorgenommen und damit den neuen Hofstaat best\u00e4tigt. Der neue Hofstaat besteht aus: von links: Minister Simon Schmaelen mit Julia; K\u00f6nig Lucas van Stephoudt mit Michelle; Minister Fabian Clancett mit Fabienne; K\u00f6nigsadjutant Thomas Jentjens Der Hofstaat samt Festkettentr\u00e4ger freut sich mit euch allen<\/p>\n<div class=\"read-more-wrapper\"><a href=\"https:\/\/www.blauweiss-hartefeld.de\/?p=1412\" class=\"btn btn-green btn-read-more\" role=\"button\">weiterlesen<\/a><\/div>\n","protected":false},"author":1,"featured_media":1414,"comment_status":"closed","ping_status":"closed","sticky":false,"template":"","format":"standard","meta":{"footnotes":""},"categories":[1],"tags":[],"class_list":["post-1412","post","type-post","status-publish","format-standard","has-post-thumbnail","hentry","category-uncategorized"],"_links":{"self":[{"href":"https:\/\/www.blauweiss-hartefeld.de\/index.php?rest_route=\/wp\/v2\/posts\/1412","targetHints":{"allow":["GET"]}}],"collection":[{"href":"https:\/\/www.blauweiss-hartefeld.de\/index.php?rest_route=\/wp\/v2\/posts"}],"about":[{"href":"https:\/\/www.blauweiss-hartefeld.de\/index.php?rest_route=\/wp\/v2\/types\/post"}],"author":[{"embeddable":true,"href":"https:\/\/www.blauweiss-hartefeld.de\/index.php?rest_route=\/wp\/v2\/users\/1"}],"replies":[{"embeddable":true,"href":"https:\/\/www.blauweiss-hartefeld.de\/index.php?rest_route=%2Fwp%2Fv2%2Fcomments&post=1412"}],"version-history":[{"count":8,"href":"https:\/\/www.blauweiss-hartefeld.de\/index.php?rest_route=\/wp\/v2\/posts\/1412\/revisions"}],"predecessor-version":[{"id":1429,"href":"https:\/\/www.blauweiss-hartefeld.de\/index.php?rest_route=\/wp\/v2\/posts\/1412\/revisions\/1429"}],"wp:featuredmedia":[{"embeddable":true,"href":"https:\/\/www.blauweiss-hartefeld.de\/index.php?rest_route=\/wp\/v2\/media\/1414"}],"wp:attachment":[{"href":"https:\/\/www.blauweiss-hartefeld.de\/index.php?rest_route=%2Fwp%2Fv2%2Fmedia&parent=1412"}],"wp:term":[{"taxonomy":"category","embeddable":true,"href":"https:\/\/www.blauweiss-hartefeld.de\/index.php?rest_route=%2Fwp%2Fv2%2Fcategories&post=1412"},{"taxonomy":"post_tag","embeddable":true,"href":"https:\/\/www.blauweiss-hartefeld.de\/index.php?rest_route=%2Fwp%2Fv2%2Ftags&post=1412"}],"curies":[{"name":"wp","href":"https:\/\/api.w.org\/{rel}","templated":true}]}}