{"id":1435,"date":"2025-08-06T16:02:49","date_gmt":"2025-08-06T15:02:49","guid":{"rendered":"https:\/\/www.blauweiss-hartefeld.de\/?p=1435"},"modified":"2025-08-06T16:18:58","modified_gmt":"2025-08-06T15:18:58","slug":"programm-zur-herbstkirmes-2025","status":"publish","type":"post","link":"https:\/\/www.blauweiss-hartefeld.de\/?p=1435","title":{"rendered":"Programm zur Herbstkirmes 2025"},"content":{"rendered":"\n<figure class=\"wp-block-gallery has-nested-images columns-default is-cropped wp-block-gallery-1 is-layout-flex wp-block-gallery-is-layout-flex\">\n<figure class=\"wp-block-image size-large is-resized\"><img loading=\"lazy\" decoding=\"async\" width=\"1024\" height=\"673\" data-id=\"1432\" src=\"https:\/\/www.blauweiss-hartefeld.de\/wp-content\/uploads\/2025\/04\/Festkette2025-1024x673.jpeg\" alt=\"\" class=\"wp-image-1432\" style=\"width:460px;height:auto\" srcset=\"https:\/\/www.blauweiss-hartefeld.de\/wp-content\/uploads\/2025\/04\/Festkette2025-1024x673.jpeg 1024w, https:\/\/www.blauweiss-hartefeld.de\/wp-content\/uploads\/2025\/04\/Festkette2025-300x197.jpeg 300w, https:\/\/www.blauweiss-hartefeld.de\/wp-content\/uploads\/2025\/04\/Festkette2025-250x164.jpeg 250w, https:\/\/www.blauweiss-hartefeld.de\/wp-content\/uploads\/2025\/04\/Festkette2025-768x505.jpeg 768w, https:\/\/www.blauweiss-hartefeld.de\/wp-content\/uploads\/2025\/04\/Festkette2025-46x30.jpeg 46w, https:\/\/www.blauweiss-hartefeld.de\/wp-content\/uploads\/2025\/04\/Festkette2025-53x35.jpeg 53w, https:\/\/www.blauweiss-hartefeld.de\/wp-content\/uploads\/2025\/04\/Festkette2025-380x250.jpeg 380w, https:\/\/www.blauweiss-hartefeld.de\/wp-content\/uploads\/2025\/04\/Festkette2025-600x394.jpeg 600w, https:\/\/www.blauweiss-hartefeld.de\/wp-content\/uploads\/2025\/04\/Festkette2025-285x187.jpeg 285w, https:\/\/www.blauweiss-hartefeld.de\/wp-content\/uploads\/2025\/04\/Festkette2025-176x116.jpeg 176w, https:\/\/www.blauweiss-hartefeld.de\/wp-content\/uploads\/2025\/04\/Festkette2025.jpeg 1144w\" sizes=\"auto, (max-width: 1024px) 100vw, 1024px\" \/><\/figure>\n\n\n\n<figure class=\"wp-block-image size-large\"><img loading=\"lazy\" decoding=\"async\" width=\"454\" height=\"320\" data-id=\"1414\" src=\"https:\/\/www.blauweiss-hartefeld.de\/wp-content\/uploads\/2025\/07\/Bild1.jpg\" alt=\"\" class=\"wp-image-1414\" srcset=\"https:\/\/www.blauweiss-hartefeld.de\/wp-content\/uploads\/2025\/07\/Bild1.jpg 454w, https:\/\/www.blauweiss-hartefeld.de\/wp-content\/uploads\/2025\/07\/Bild1-300x211.jpg 300w, https:\/\/www.blauweiss-hartefeld.de\/wp-content\/uploads\/2025\/07\/Bild1-250x176.jpg 250w, https:\/\/www.blauweiss-hartefeld.de\/wp-content\/uploads\/2025\/07\/Bild1-43x30.jpg 43w, https:\/\/www.blauweiss-hartefeld.de\/wp-content\/uploads\/2025\/07\/Bild1-50x35.jpg 50w, https:\/\/www.blauweiss-hartefeld.de\/wp-content\/uploads\/2025\/07\/Bild1-355x250.jpg 355w, https:\/\/www.blauweiss-hartefeld.de\/wp-content\/uploads\/2025\/07\/Bild1-285x201.jpg 285w, https:\/\/www.blauweiss-hartefeld.de\/wp-content\/uploads\/2025\/07\/Bild1-165x116.jpg 165w\" sizes=\"auto, (max-width: 454px) 100vw, 454px\" \/><\/figure>\n<\/figure>\n\n\n\n<p>Das Programm f\u00fcr die diesj\u00e4hrige Herbstkirmes in Blau-Wei\u00dfer Hand steht nun fest und ist unter unseren Terminen einzusehen:<\/p>\n\n\n\n<p><strong><a href=\"https:\/\/www.blauweiss-hartefeld.de\/?mec-events=herbstkirmes-der-vereinsgemeinschaft-hartefeld-vernum-poelyck\">Programm der Herbstkirmes 2025<\/a><\/strong><\/p>\n","protected":false},"excerpt":{"rendered":"<p>Das Programm f\u00fcr die diesj\u00e4hrige Herbstkirmes in Blau-Wei\u00dfer Hand steht nun fest und ist unter unseren Terminen einzusehen: Programm der Herbstkirmes 2025<\/p>\n","protected":false},"author":1,"featured_media":1432,"comment_status":"closed","ping_status":"closed","sticky":false,"template":"","format":"standard","meta":{"footnotes":""},"categories":[1],"tags":[],"class_list":["post-1435","post","type-post","status-publish","format-standard","has-post-thumbnail","hentry","category-uncategorized"],"_links":{"self":[{"href":"https:\/\/www.blauweiss-hartefeld.de\/index.php?rest_route=\/wp\/v2\/posts\/1435","targetHints":{"allow":["GET"]}}],"collection":[{"href":"https:\/\/www.blauweiss-hartefeld.de\/index.php?rest_route=\/wp\/v2\/posts"}],"about":[{"href":"https:\/\/www.blauweiss-hartefeld.de\/index.php?rest_route=\/wp\/v2\/types\/post"}],"author":[{"embeddable":true,"href":"https:\/\/www.blauweiss-hartefeld.de\/index.php?rest_route=\/wp\/v2\/users\/1"}],"replies":[{"embeddable":true,"href":"https:\/\/www.blauweiss-hartefeld.de\/index.php?rest_route=%2Fwp%2Fv2%2Fcomments&post=1435"}],"version-history":[{"count":5,"href":"https:\/\/www.blauweiss-hartefeld.de\/index.php?rest_route=\/wp\/v2\/posts\/1435\/revisions"}],"predecessor-version":[{"id":1444,"href":"https:\/\/www.blauweiss-hartefeld.de\/index.php?rest_route=\/wp\/v2\/posts\/1435\/revisions\/1444"}],"wp:featuredmedia":[{"embeddable":true,"href":"https:\/\/www.blauweiss-hartefeld.de\/index.php?rest_route=\/wp\/v2\/media\/1432"}],"wp:attachment":[{"href":"https:\/\/www.blauweiss-hartefeld.de\/index.php?rest_route=%2Fwp%2Fv2%2Fmedia&parent=1435"}],"wp:term":[{"taxonomy":"category","embeddable":true,"href":"https:\/\/www.blauweiss-hartefeld.de\/index.php?rest_route=%2Fwp%2Fv2%2Fcategories&post=1435"},{"taxonomy":"post_tag","embeddable":true,"href":"https:\/\/www.blauweiss-hartefeld.de\/index.php?rest_route=%2Fwp%2Fv2%2Ftags&post=1435"}],"curies":[{"name":"wp","href":"https:\/\/api.w.org\/{rel}","templated":true}]}}