{"id":1455,"date":"2026-01-07T17:25:17","date_gmt":"2026-01-07T16:25:17","guid":{"rendered":"https:\/\/www.blauweiss-hartefeld.de\/?p=1455"},"modified":"2026-01-07T17:30:06","modified_gmt":"2026-01-07T16:30:06","slug":"prinz-lucas-i-regiert-die-narren-in-hartefeld","status":"publish","type":"post","link":"https:\/\/www.blauweiss-hartefeld.de\/?p=1455","title":{"rendered":"Prinz Lucas I. regiert die Narren in Hartefeld"},"content":{"rendered":"\n<p>Unser neues Narrenoberhaupt Prinz Lucas I. (van Stephoudt) regiert die Hartefelder Narren durch die Session 2025\/2026. Jederzeit mit dabei ist seine &#8222;Altbiergarde&#8220;. Er freut sich auf die Besuche bei den befreundeten Vereinen und nat\u00fcrlich darauf, diese alle zusammen in Hartefeld am gro\u00dfen Hartefelder Karnevalstrubel begr\u00fc\u00dfen zu d\u00fcrfen.<\/p>\n\n\n\n<p>Hier die Termine, an denen es in Hartefeld wieder richtig &#8222;jeck&#8220; wird:<\/p>\n\n\n\n<figure class=\"wp-block-image size-full\"><img loading=\"lazy\" decoding=\"async\" width=\"688\" height=\"953\" src=\"https:\/\/www.blauweiss-hartefeld.de\/wp-content\/uploads\/2026\/01\/Terminliste2026.png\" alt=\"\" class=\"wp-image-1449\" srcset=\"https:\/\/www.blauweiss-hartefeld.de\/wp-content\/uploads\/2026\/01\/Terminliste2026.png 688w, https:\/\/www.blauweiss-hartefeld.de\/wp-content\/uploads\/2026\/01\/Terminliste2026-217x300.png 217w, https:\/\/www.blauweiss-hartefeld.de\/wp-content\/uploads\/2026\/01\/Terminliste2026-180x250.png 180w, https:\/\/www.blauweiss-hartefeld.de\/wp-content\/uploads\/2026\/01\/Terminliste2026-22x30.png 22w, https:\/\/www.blauweiss-hartefeld.de\/wp-content\/uploads\/2026\/01\/Terminliste2026-25x35.png 25w, https:\/\/www.blauweiss-hartefeld.de\/wp-content\/uploads\/2026\/01\/Terminliste2026-325x450.png 325w, https:\/\/www.blauweiss-hartefeld.de\/wp-content\/uploads\/2026\/01\/Terminliste2026-285x395.png 285w, https:\/\/www.blauweiss-hartefeld.de\/wp-content\/uploads\/2026\/01\/Terminliste2026-84x116.png 84w\" sizes=\"auto, (max-width: 688px) 100vw, 688px\" \/><\/figure>\n","protected":false},"excerpt":{"rendered":"<p>Unser neues Narrenoberhaupt Prinz Lucas I. (van Stephoudt) regiert die Hartefelder Narren durch die Session 2025\/2026. Jederzeit mit dabei ist seine &#8222;Altbiergarde&#8220;. Er freut sich auf die Besuche bei den befreundeten Vereinen und nat\u00fcrlich darauf, diese alle zusammen in Hartefeld am gro\u00dfen Hartefelder Karnevalstrubel begr\u00fc\u00dfen zu d\u00fcrfen. Hier die Termine, an denen es in Hartefeld wieder richtig &#8222;jeck&#8220; wird:<\/p>\n","protected":false},"author":1,"featured_media":1454,"comment_status":"closed","ping_status":"closed","sticky":false,"template":"","format":"standard","meta":{"footnotes":""},"categories":[5],"tags":[],"class_list":["post-1455","post","type-post","status-publish","format-standard","has-post-thumbnail","hentry","category-karneval"],"_links":{"self":[{"href":"https:\/\/www.blauweiss-hartefeld.de\/index.php?rest_route=\/wp\/v2\/posts\/1455","targetHints":{"allow":["GET"]}}],"collection":[{"href":"https:\/\/www.blauweiss-hartefeld.de\/index.php?rest_route=\/wp\/v2\/posts"}],"about":[{"href":"https:\/\/www.blauweiss-hartefeld.de\/index.php?rest_route=\/wp\/v2\/types\/post"}],"author":[{"embeddable":true,"href":"https:\/\/www.blauweiss-hartefeld.de\/index.php?rest_route=\/wp\/v2\/users\/1"}],"replies":[{"embeddable":true,"href":"https:\/\/www.blauweiss-hartefeld.de\/index.php?rest_route=%2Fwp%2Fv2%2Fcomments&post=1455"}],"version-history":[{"count":5,"href":"https:\/\/www.blauweiss-hartefeld.de\/index.php?rest_route=\/wp\/v2\/posts\/1455\/revisions"}],"predecessor-version":[{"id":1462,"href":"https:\/\/www.blauweiss-hartefeld.de\/index.php?rest_route=\/wp\/v2\/posts\/1455\/revisions\/1462"}],"wp:featuredmedia":[{"embeddable":true,"href":"https:\/\/www.blauweiss-hartefeld.de\/index.php?rest_route=\/wp\/v2\/media\/1454"}],"wp:attachment":[{"href":"https:\/\/www.blauweiss-hartefeld.de\/index.php?rest_route=%2Fwp%2Fv2%2Fmedia&parent=1455"}],"wp:term":[{"taxonomy":"category","embeddable":true,"href":"https:\/\/www.blauweiss-hartefeld.de\/index.php?rest_route=%2Fwp%2Fv2%2Fcategories&post=1455"},{"taxonomy":"post_tag","embeddable":true,"href":"https:\/\/www.blauweiss-hartefeld.de\/index.php?rest_route=%2Fwp%2Fv2%2Ftags&post=1455"}],"curies":[{"name":"wp","href":"https:\/\/api.w.org\/{rel}","templated":true}]}}