{"id":497,"date":"2019-03-05T12:25:06","date_gmt":"2019-03-05T11:25:06","guid":{"rendered":"https:\/\/www.blauweiss-hartefeld.de\/?p=497"},"modified":"2019-09-25T19:31:31","modified_gmt":"2019-09-25T18:31:31","slug":"starke-kappensitzung-bei-blau-weiss","status":"publish","type":"post","link":"https:\/\/www.blauweiss-hartefeld.de\/?p=497","title":{"rendered":"Starke Kappensitzung bei \u201eBlau-Wei\u00df\u201c"},"content":{"rendered":"\n<h4 class=\"wp-block-heading\">Prinz Fabian und \u201eBlaulichtgarde\u201c kr\u00f6nten die Session: <\/h4>\n\n\n\n<figure class=\"wp-block-image\"><img loading=\"lazy\" decoding=\"async\" width=\"1024\" height=\"683\" src=\"https:\/\/www.blauweiss-hartefeld.de\/wp-content\/uploads\/2019\/03\/Kappensitzung_19-60-von-92-1024x683.jpg\" alt=\"\" class=\"wp-image-498\" srcset=\"https:\/\/www.blauweiss-hartefeld.de\/wp-content\/uploads\/2019\/03\/Kappensitzung_19-60-von-92-1024x683.jpg 1024w, https:\/\/www.blauweiss-hartefeld.de\/wp-content\/uploads\/2019\/03\/Kappensitzung_19-60-von-92-300x200.jpg 300w, https:\/\/www.blauweiss-hartefeld.de\/wp-content\/uploads\/2019\/03\/Kappensitzung_19-60-von-92-768x512.jpg 768w, https:\/\/www.blauweiss-hartefeld.de\/wp-content\/uploads\/2019\/03\/Kappensitzung_19-60-von-92-391x260.jpg 391w, https:\/\/www.blauweiss-hartefeld.de\/wp-content\/uploads\/2019\/03\/Kappensitzung_19-60-von-92-1536x1024.jpg 1536w, https:\/\/www.blauweiss-hartefeld.de\/wp-content\/uploads\/2019\/03\/Kappensitzung_19-60-von-92-2048x1365.jpg 2048w, https:\/\/www.blauweiss-hartefeld.de\/wp-content\/uploads\/2019\/03\/Kappensitzung_19-60-von-92-45x30.jpg 45w, https:\/\/www.blauweiss-hartefeld.de\/wp-content\/uploads\/2019\/03\/Kappensitzung_19-60-von-92-53x35.jpg 53w, https:\/\/www.blauweiss-hartefeld.de\/wp-content\/uploads\/2019\/03\/Kappensitzung_19-60-von-92-375x250.jpg 375w, https:\/\/www.blauweiss-hartefeld.de\/wp-content\/uploads\/2019\/03\/Kappensitzung_19-60-von-92-600x400.jpg 600w, https:\/\/www.blauweiss-hartefeld.de\/wp-content\/uploads\/2019\/03\/Kappensitzung_19-60-von-92-285x190.jpg 285w\" sizes=\"auto, (max-width: 1024px) 100vw, 1024px\" \/><\/figure>\n\n\n\n<p>Eine ausverkaufte \u201eDorfschmiede\u201c, starke B\u00fcttenreden und\nWortbeitr\u00e4ge, sportliche Tanzauftritte und Stimmungslieder, die ihre Wirkung\nauf ein feierfreudiges Publikum nicht verfehlten: Besser konnten es sich die\nAkteure der Kappensitzung von \u201eBlau-Wei\u00df\u201c Hartefeld nicht w\u00fcnschen. <\/p>\n\n\n\n<p>Strahlender Mittelpunkt in einem von Elferratspr\u00e4sident\nLucas van Stephoudt und seinem Vater Herbert moderierten Programm war\nzweifellos Prinz Fabian I. (Clancett). Dem 20j\u00e4hrigen Vernumer, j\u00fcngster Prinz\nder \u201eBlau-Wei\u00df\u201c-Historie, stand dabei eine beeindruckende Mannschaft zur Seite.\nDie ausnahmslos aus Feuerwehrleuten bestehende \u201eBlaulichtgarde\u201c genoss ihr\nHeimspiel sichtlich, und feuerte alle Akteure lautstark an. <\/p>\n\n\n\n<p>Er\u00f6ffnet wurde der heitere Abend durch ein St\u00e4ndchen des\nSpielmannszuges \u201eBlau-Wei\u00df\u201c unter der Leitung des Ehrenvorsitzenden Friedhelm\nvan de Laak. Nach der Begr\u00fc\u00dfung durch den Vereinsvorsitzenden Norbert Clancett geh\u00f6rte\ndie B\u00fctt Prinz Fabian, der den Narren auch schon ein Fazit seiner Session\nlieferte: \u201eErst auf dem Heimweg wird\u2019s hell!\u201c Ein Motto, das seine Garde sogleich\nzum bekannten AC\/DC-Hit intonierte. Die fiebrige Erk\u00e4ltung, mit der\n\u201eSchmaelenhofmariechen\u201c Laurie Forthmann die B\u00fchne enterte, merkte ihr niemand\nan. Ein starker Tanz mit strahlendem L\u00e4cheln pr\u00e4sentiert. Vielleicht auch, weil\ndie vierj\u00e4hrige Mia Fl\u00f6hr sie nach Kr\u00e4ften unterst\u00fctzte. Karneval der Herzen in\nHartefeld. Zu schottischen Kl\u00e4nge, live von Herbert Bredemeyer mit dem\nDudelsack intoniert, zog Herbert van Stephoudt mit seiner \u201eNessie\u201c auf die\nB\u00fchne. In seinem lokal-politischen Vortrag beleuchtete er auch Irritationen um\ndie Notwendigkeit weiterer Baugebiete in Hartefeld.<\/p>\n\n\n\n<p>Licht und Schwung in den eigens abgedunkelten Saal brachten die \u201eJellys\u201c, deren Tanz das Publikum mitriss. Seine freche Handpuppe \u201ePelle\u201c hatte Herbert Stienen gut im Griff \u2013 auch wenn niemand im Saal vor witzigen Anekdoten sicher sein konnte. Die \u201eletzten M\u00f6hnen\u201c hatten mit ihrer Version von \u201eSchneewittchen\u201c und einer erstklassigen Musikauswahl die Lacher auf ihrer Seite, bevor \u201edie 2 vom Bass\u201c, J\u00fcrgen Tebart und Michael G\u00f6rtz, ihr Auftrittsmotto \u201ebitte keine Werbung f\u00fcr den Kirchenchor\u201c humorvoll ins Gegenteil verkehrten. Da war eine Zugabe f\u00e4llig, sogar mit weiteren Chors\u00e4ngern. Die \u201eBlue-White-Busters\u201c widmeten ihren Tanz der Filmmusik und ernteten gro\u00dfen Applaus. Nach der Pause brachte die \u201eBlaulichtgarde\u201c ihren athletischen Tanz auf die B\u00fchne und das Publikum wieder in Schwung, bevor Deb\u00fctant Sascha Kisters als Nonne mit Ukulele einen mehr als gelungenen Einstand feierte. M\u00e4nnerballett vom Feinsten lieferte die Tanzgarde \u201eAlles h\u00f6rt auf IHR Kommando\u201c &#8211; und damit auch Zeit zum Abfeiern, denn beim n\u00e4chsten Programmpunkt der \u201eBiertels\u201c mit Frank Jegust und Sven Forthmann war wieder Zuh\u00f6ren beim humorvollen \u201eEbay-Englisch\u201c gefragt. Diesmal sogar doppelt verst\u00e4rkt durch charmante Assistentinnen Laurie Forthmann und Michelle Benedens. \u201eSchei\u00dfe verkleidet\u201c fand sich Stimmungss\u00e4nger Paul Witgens und traf als pinkfarbener und barf\u00fc\u00dfiger Hase den Nerv des Publikums, das sowohl ihn als auch die wundervoll kost\u00fcmierte Tanzgarde \u201eDrinka Bells\u201c begeistert feierte und so die Sitzung mit dem n\u00f6tigen Schwung ins Finale f\u00fchrte. Ehrenmitglied G\u00fcnther Treeker sprach jedenfalls vielen aus dem Herzen: \u201eDas war mal wieder ein richtig sch\u00f6nes Programm!\u201c Ehrenpr\u00e4sident Hermann Forthmann verwies kurz und knapp auf das Motto: \u201eNit quake \u2013 maake!\u201c<\/p>\n\n\n\n<p>Herbert van Stephoudt<\/p>\n","protected":false},"excerpt":{"rendered":"<p>Prinz Fabian und \u201eBlaulichtgarde\u201c kr\u00f6nten die Session: Eine ausverkaufte \u201eDorfschmiede\u201c, starke B\u00fcttenreden und Wortbeitr\u00e4ge, sportliche Tanzauftritte und Stimmungslieder, die ihre Wirkung auf ein feierfreudiges Publikum nicht verfehlten: Besser konnten es sich die Akteure der Kappensitzung von \u201eBlau-Wei\u00df\u201c Hartefeld nicht w\u00fcnschen. Strahlender Mittelpunkt in einem von Elferratspr\u00e4sident Lucas van Stephoudt und seinem Vater Herbert moderierten Programm war zweifellos Prinz Fabian I. (Clancett). Dem 20j\u00e4hrigen Vernumer, j\u00fcngster Prinz der \u201eBlau-Wei\u00df\u201c-Historie, stand dabei eine beeindruckende Mannschaft zur Seite.<\/p>\n<div class=\"read-more-wrapper\"><a href=\"https:\/\/www.blauweiss-hartefeld.de\/?p=497\" class=\"btn btn-green btn-read-more\" role=\"button\">weiterlesen<\/a><\/div>\n","protected":false},"author":1,"featured_media":498,"comment_status":"closed","ping_status":"closed","sticky":false,"template":"","format":"standard","meta":{"footnotes":""},"categories":[1],"tags":[],"class_list":["post-497","post","type-post","status-publish","format-standard","has-post-thumbnail","hentry","category-uncategorized"],"_links":{"self":[{"href":"https:\/\/www.blauweiss-hartefeld.de\/index.php?rest_route=\/wp\/v2\/posts\/497","targetHints":{"allow":["GET"]}}],"collection":[{"href":"https:\/\/www.blauweiss-hartefeld.de\/index.php?rest_route=\/wp\/v2\/posts"}],"about":[{"href":"https:\/\/www.blauweiss-hartefeld.de\/index.php?rest_route=\/wp\/v2\/types\/post"}],"author":[{"embeddable":true,"href":"https:\/\/www.blauweiss-hartefeld.de\/index.php?rest_route=\/wp\/v2\/users\/1"}],"replies":[{"embeddable":true,"href":"https:\/\/www.blauweiss-hartefeld.de\/index.php?rest_route=%2Fwp%2Fv2%2Fcomments&post=497"}],"version-history":[{"count":1,"href":"https:\/\/www.blauweiss-hartefeld.de\/index.php?rest_route=\/wp\/v2\/posts\/497\/revisions"}],"predecessor-version":[{"id":499,"href":"https:\/\/www.blauweiss-hartefeld.de\/index.php?rest_route=\/wp\/v2\/posts\/497\/revisions\/499"}],"wp:featuredmedia":[{"embeddable":true,"href":"https:\/\/www.blauweiss-hartefeld.de\/index.php?rest_route=\/wp\/v2\/media\/498"}],"wp:attachment":[{"href":"https:\/\/www.blauweiss-hartefeld.de\/index.php?rest_route=%2Fwp%2Fv2%2Fmedia&parent=497"}],"wp:term":[{"taxonomy":"category","embeddable":true,"href":"https:\/\/www.blauweiss-hartefeld.de\/index.php?rest_route=%2Fwp%2Fv2%2Fcategories&post=497"},{"taxonomy":"post_tag","embeddable":true,"href":"https:\/\/www.blauweiss-hartefeld.de\/index.php?rest_route=%2Fwp%2Fv2%2Ftags&post=497"}],"curies":[{"name":"wp","href":"https:\/\/api.w.org\/{rel}","templated":true}]}}