{"id":619,"date":"2019-09-25T19:19:16","date_gmt":"2019-09-25T18:19:16","guid":{"rendered":"https:\/\/www.blauweiss-hartefeld.de\/?p=619"},"modified":"2019-09-25T19:30:41","modified_gmt":"2019-09-25T18:30:41","slug":"offener-brief-des-ersten-vorsitzenden","status":"publish","type":"post","link":"https:\/\/www.blauweiss-hartefeld.de\/?p=619","title":{"rendered":"Offener Brief des ersten Vorsitzenden"},"content":{"rendered":"\n<p>Etwas mehr als 3 Wochen sind nun nach dem gr\u00f6\u00dften Ungl\u00fcck in der 64 j\u00e4hrigen Vereinsgeschichte des Spielmannszuges \u201eBlau-Wei\u00df\u201c Hartefeld vergangen. Im Zusammenhang mit der Kirmes in Geldern \u2013 Hartefeld waren wir am 31.August mit einem Planwagen unterwegs, der in einem Wendehammer umgefallen ist. <\/p>\n\n\n\n<p>Alle Verletzten sind inzwischen auf dem Wege der Besserung und keiner wird gr\u00f6\u00dfere, bleibende Sch\u00e4den davontragen. Viele Insassen haben durch gro\u00dfes Gl\u00fcck nur kleinere Blessuren, Schnitt- und Platzwunden oder Prellungen erlitten. <\/p>\n\n\n\n<p>Auf diesem Wege m\u00f6chten wir uns herzlich f\u00fcr die unfassbar gro\u00dfe, vielf\u00e4ltige Unterst\u00fctzung bedanken. Eine Welle des Zuspruches hat uns erreicht. Hierbei wird deutlich, dass ehrenamtliches Engagement zum einen und Vereine, die die Musik verbindet, zum anderen durchaus noch honoriert und anerkannt wird. <\/p>\n\n\n\n<p><strong>DANKE<\/strong> an die vielen Einsatzkr\u00e4fte an der Unfallstelle; der Feuerwehr, dem Deutschen Roten Kreuz sowie der Polizei f\u00fcr ihr umsichtiges Handeln.<\/p>\n\n\n\n<p><strong>DANKE<\/strong> an die Anwohner der Lindenallee und den umliegenden Stra\u00dfen; f\u00fcr die schnelle Hilfe vor Ort mit K\u00fchlpacks, Getr\u00e4nken und den vielen zusprechenden Worten und Gesten. DANKE dem Seelsorgeteam der Gemeine Maria Magdalena; Herrn Pastor Hennessen f\u00fcr die Unterst\u00fctzung an der Unfallstelle und Herrn Naton f\u00fcr die Unterst\u00fctzung in der Nachsorge. <\/p>\n\n\n\n<p><strong>DANKE<\/strong> den Vereinen der Vereinsgemeinschaft Hartefeld \u2013 Vernum \u2013 Poelyck f\u00fcr den vielf\u00e4ltigen Zuspruch besonders in den ersten Tagen. Ganz besonders hat uns die T-ShirtAktion der Marianischen Bruderschaft ger\u00fchrt. <\/p>\n\n\n\n<p><strong>DANKE<\/strong> auch f\u00fcr die vielen Genesungsw\u00fcnsche zahlreicher Vereine und Personen von nah und fern, die uns \u00fcber die sozialen Netzwerke, wie auch pers\u00f6nlich, schriftlich oder telefonisch erreicht haben. In diesem Zusammenhang danken wir besonders auch den Spielmannsz\u00fcgen aus dem \u201eGelderland\u201c. <\/p>\n\n\n\n<p><strong>DANKE<\/strong> auch all denen, die uns finanziell unterst\u00fctzen; besonders dem Spielmannszug der freiwilligen Feuerwehr Kevelaer, dem Trommlerkorbs Sevelen, dem Musikverein Walbeck der Vereinsgemeinschaft Hartefeld \u2013 Vernum \u2013 Poelyck und dem Ortsb\u00fcrgermeister von Hartefeld. <\/p>\n\n\n\n<p>Nicht zuletzt auch <strong>DANKE<\/strong> an die Provinzial Versicherung Rheinland f\u00fcr die sehr schnelle Hilfe und sehr empathische Unterst\u00fctzung. <\/p>\n\n\n\n<p>Unsere Gedanken sind bei den Besitzern des Treckers, des Planwagens und ganz besonders bei unserem jungen Fahrer. Wir hoffen, dass sie auch bald den Unfall verarbeitet haben und weitestgehend unbeschadet bleiben. <\/p>\n\n\n\n<div class=\"wp-block-image\"><figure class=\"alignleft is-resized\"><img loading=\"lazy\" decoding=\"async\" src=\"https:\/\/www.blauweiss-hartefeld.de\/wp-content\/uploads\/2019\/09\/IMG_1095-e1569435348934-768x1024.jpg\" alt=\"\" class=\"wp-image-620\" width=\"294\" height=\"392\" srcset=\"https:\/\/www.blauweiss-hartefeld.de\/wp-content\/uploads\/2019\/09\/IMG_1095-e1569435348934-768x1024.jpg 768w, https:\/\/www.blauweiss-hartefeld.de\/wp-content\/uploads\/2019\/09\/IMG_1095-e1569435348934-225x300.jpg 225w, https:\/\/www.blauweiss-hartefeld.de\/wp-content\/uploads\/2019\/09\/IMG_1095-e1569435348934-300x400.jpg 300w, https:\/\/www.blauweiss-hartefeld.de\/wp-content\/uploads\/2019\/09\/IMG_1095-e1569435348934-1152x1536.jpg 1152w, https:\/\/www.blauweiss-hartefeld.de\/wp-content\/uploads\/2019\/09\/IMG_1095-e1569435348934-1536x2048.jpg 1536w, https:\/\/www.blauweiss-hartefeld.de\/wp-content\/uploads\/2019\/09\/IMG_1095-e1569435348934-23x30.jpg 23w, https:\/\/www.blauweiss-hartefeld.de\/wp-content\/uploads\/2019\/09\/IMG_1095-e1569435348934-26x35.jpg 26w, https:\/\/www.blauweiss-hartefeld.de\/wp-content\/uploads\/2019\/09\/IMG_1095-e1569435348934-188x250.jpg 188w, https:\/\/www.blauweiss-hartefeld.de\/wp-content\/uploads\/2019\/09\/IMG_1095-e1569435348934-338x450.jpg 338w, https:\/\/www.blauweiss-hartefeld.de\/wp-content\/uploads\/2019\/09\/IMG_1095-e1569435348934-285x380.jpg 285w\" sizes=\"auto, (max-width: 294px) 100vw, 294px\" \/><\/figure><\/div>\n\n\n\n<p><\/p>\n\n\n\n<p>Mit musikalischen Gr\u00fc\u00dfen <\/p>\n\n\n\n<p>Norbert Clancett <\/p>\n\n\n\n<p>1.Vorsitzender  <\/p>\n","protected":false},"excerpt":{"rendered":"<p>Etwas mehr als 3 Wochen sind nun nach dem gr\u00f6\u00dften Ungl\u00fcck in der 64 j\u00e4hrigen Vereinsgeschichte des Spielmannszuges \u201eBlau-Wei\u00df\u201c Hartefeld vergangen. Im Zusammenhang mit der Kirmes in Geldern \u2013 Hartefeld waren wir am 31.August mit einem Planwagen unterwegs, der in einem Wendehammer umgefallen ist. Alle Verletzten sind inzwischen auf dem Wege der Besserung und keiner wird gr\u00f6\u00dfere, bleibende Sch\u00e4den davontragen. Viele Insassen haben durch gro\u00dfes Gl\u00fcck nur kleinere Blessuren, Schnitt- und Platzwunden oder Prellungen erlitten.<\/p>\n<div class=\"read-more-wrapper\"><a href=\"https:\/\/www.blauweiss-hartefeld.de\/?p=619\" class=\"btn btn-green btn-read-more\" role=\"button\">weiterlesen<\/a><\/div>\n","protected":false},"author":1,"featured_media":620,"comment_status":"closed","ping_status":"closed","sticky":false,"template":"","format":"standard","meta":{"footnotes":""},"categories":[1],"tags":[],"class_list":["post-619","post","type-post","status-publish","format-standard","has-post-thumbnail","hentry","category-uncategorized"],"_links":{"self":[{"href":"https:\/\/www.blauweiss-hartefeld.de\/index.php?rest_route=\/wp\/v2\/posts\/619","targetHints":{"allow":["GET"]}}],"collection":[{"href":"https:\/\/www.blauweiss-hartefeld.de\/index.php?rest_route=\/wp\/v2\/posts"}],"about":[{"href":"https:\/\/www.blauweiss-hartefeld.de\/index.php?rest_route=\/wp\/v2\/types\/post"}],"author":[{"embeddable":true,"href":"https:\/\/www.blauweiss-hartefeld.de\/index.php?rest_route=\/wp\/v2\/users\/1"}],"replies":[{"embeddable":true,"href":"https:\/\/www.blauweiss-hartefeld.de\/index.php?rest_route=%2Fwp%2Fv2%2Fcomments&post=619"}],"version-history":[{"count":3,"href":"https:\/\/www.blauweiss-hartefeld.de\/index.php?rest_route=\/wp\/v2\/posts\/619\/revisions"}],"predecessor-version":[{"id":623,"href":"https:\/\/www.blauweiss-hartefeld.de\/index.php?rest_route=\/wp\/v2\/posts\/619\/revisions\/623"}],"wp:featuredmedia":[{"embeddable":true,"href":"https:\/\/www.blauweiss-hartefeld.de\/index.php?rest_route=\/wp\/v2\/media\/620"}],"wp:attachment":[{"href":"https:\/\/www.blauweiss-hartefeld.de\/index.php?rest_route=%2Fwp%2Fv2%2Fmedia&parent=619"}],"wp:term":[{"taxonomy":"category","embeddable":true,"href":"https:\/\/www.blauweiss-hartefeld.de\/index.php?rest_route=%2Fwp%2Fv2%2Fcategories&post=619"},{"taxonomy":"post_tag","embeddable":true,"href":"https:\/\/www.blauweiss-hartefeld.de\/index.php?rest_route=%2Fwp%2Fv2%2Ftags&post=619"}],"curies":[{"name":"wp","href":"https:\/\/api.w.org\/{rel}","templated":true}]}}