{"id":688,"date":"2020-01-08T19:05:23","date_gmt":"2020-01-08T18:05:23","guid":{"rendered":"https:\/\/www.blauweiss-hartefeld.de\/?p=688"},"modified":"2020-01-08T19:05:26","modified_gmt":"2020-01-08T18:05:26","slug":"hartefeld-feiert-den-karnevalstrubel","status":"publish","type":"post","link":"https:\/\/www.blauweiss-hartefeld.de\/?p=688","title":{"rendered":"Hartefeld feiert den Karnevalstrubel"},"content":{"rendered":"\n<figure class=\"wp-block-image size-large\"><img decoding=\"async\" src=\"https:\/\/www.blauweiss-hartefeld.de\/wp-content\/uploads\/2020\/01\/Garden_Veert_und_Hartefeld06-1024x512.jpg\" alt=\"\" class=\"wp-image-689\"\/><figcaption> <strong>Freuen sich gemeinsam mit ihren Garden auf einen unterhaltsamen karnevalistischen Fr\u00fchschoppen in der Hartefelder \u201eDorfschmiede\u201c: Veerts Prinzessin Elke I. (Sch\u00fcren) und Hartefelds Prinz Bodo I. (Heitbrede).<\/strong> <\/figcaption><\/figure>\n\n\n\n<p>Bereits zum f\u00fcnfzehnten Mal l\u00e4dt \u201eBlau-Wei\u00df\u201c Hartefeld ein zum \u201eKarnevalstrubel\u201c. Am Sonntag, 12. Januar, treffen sich die Jecken ab 11.11 Uhr im Saalbau der \u201eDorfschmiede\u201c an der Hartefelder Dorfstra\u00dfe. Neben den Tollit\u00e4ten des Gelderlandes wie dem Straelener Dreigestirn um Prinz Schr\u00f6del, Jungfrau Lombine und Bauer Schurti, Prinzessin Victoria II. von der KKG aus Geldern, dem Kapellener Dreigestirn mit Prinz Frank, Jungfrau Klaudia und Bauer Rainer, der Veerter Prinzessin Elke I. oder auch Ko &amp; Ka aus Issum und Pontifex Maximus aus Pont, haben sich auch die KAG Ossenberg, die AKG Achterhoek, der Gemeindejugendring Weeze und eine Delegation des Grafschafter Karneval aus Moers angemeldet. Erstmals in Hartefeld zu Gast sind die Jecken der GKG Sp\u00f6nnradsbeen aus M\u00f6nchengladbach und das Kolping Karnevals Komitee aus Goch mit Prinzessin Julia I. und Prinz Johannes V. Wieder mit dabei im \u201eDorf mit H.\u201c ist die K\u00f6lner Karnevalsgesellschaft \u201eAlt H\u00f6henberger Adel\u201c, die sich gewiss auch \u00fcber die Partys\u00e4nger der \u201eK\u00f6lsche T\u00f6n\u201c und ihre Lieder freuen wird. Hartefelds Prinz Bodo I. (Heitbrede): \u201eWir m\u00f6chten allen Gesellschaften ein guter Gastgeber sein, laden aber auch alle, die einfach gern Karneval feiern, zu uns in die Dorfschmiede ein.\u201c Bei freiem Eintritt erwartet die Narren ein unterhaltsames Programm mit viel Musik, Tanz und Gesang ganz \u201elocker vom Stehtisch\u201c \u2013 F\u00fcr Getr\u00e4nke und Speisen zu moderaten Preisen haben die Hartefelder gesorgt. <\/p>\n","protected":false},"excerpt":{"rendered":"<p>Bereits zum f\u00fcnfzehnten Mal l\u00e4dt \u201eBlau-Wei\u00df\u201c Hartefeld ein zum \u201eKarnevalstrubel\u201c. Am Sonntag, 12. Januar, treffen sich die Jecken ab 11.11 Uhr im Saalbau der \u201eDorfschmiede\u201c an der Hartefelder Dorfstra\u00dfe. Neben den Tollit\u00e4ten des Gelderlandes wie dem Straelener Dreigestirn um Prinz Schr\u00f6del, Jungfrau Lombine und Bauer Schurti, Prinzessin Victoria II. von der KKG aus Geldern, dem Kapellener Dreigestirn mit Prinz Frank, Jungfrau Klaudia und Bauer Rainer, der Veerter Prinzessin Elke I. oder auch Ko &amp; Ka<\/p>\n<div class=\"read-more-wrapper\"><a href=\"https:\/\/www.blauweiss-hartefeld.de\/?p=688\" class=\"btn btn-green btn-read-more\" role=\"button\">weiterlesen<\/a><\/div>\n","protected":false},"author":1,"featured_media":689,"comment_status":"closed","ping_status":"closed","sticky":false,"template":"","format":"standard","meta":{"footnotes":""},"categories":[1],"tags":[],"class_list":["post-688","post","type-post","status-publish","format-standard","has-post-thumbnail","hentry","category-uncategorized"],"_links":{"self":[{"href":"https:\/\/www.blauweiss-hartefeld.de\/index.php?rest_route=\/wp\/v2\/posts\/688","targetHints":{"allow":["GET"]}}],"collection":[{"href":"https:\/\/www.blauweiss-hartefeld.de\/index.php?rest_route=\/wp\/v2\/posts"}],"about":[{"href":"https:\/\/www.blauweiss-hartefeld.de\/index.php?rest_route=\/wp\/v2\/types\/post"}],"author":[{"embeddable":true,"href":"https:\/\/www.blauweiss-hartefeld.de\/index.php?rest_route=\/wp\/v2\/users\/1"}],"replies":[{"embeddable":true,"href":"https:\/\/www.blauweiss-hartefeld.de\/index.php?rest_route=%2Fwp%2Fv2%2Fcomments&post=688"}],"version-history":[{"count":2,"href":"https:\/\/www.blauweiss-hartefeld.de\/index.php?rest_route=\/wp\/v2\/posts\/688\/revisions"}],"predecessor-version":[{"id":691,"href":"https:\/\/www.blauweiss-hartefeld.de\/index.php?rest_route=\/wp\/v2\/posts\/688\/revisions\/691"}],"wp:featuredmedia":[{"embeddable":true,"href":"https:\/\/www.blauweiss-hartefeld.de\/index.php?rest_route=\/wp\/v2\/media\/689"}],"wp:attachment":[{"href":"https:\/\/www.blauweiss-hartefeld.de\/index.php?rest_route=%2Fwp%2Fv2%2Fmedia&parent=688"}],"wp:term":[{"taxonomy":"category","embeddable":true,"href":"https:\/\/www.blauweiss-hartefeld.de\/index.php?rest_route=%2Fwp%2Fv2%2Fcategories&post=688"},{"taxonomy":"post_tag","embeddable":true,"href":"https:\/\/www.blauweiss-hartefeld.de\/index.php?rest_route=%2Fwp%2Fv2%2Ftags&post=688"}],"curies":[{"name":"wp","href":"https:\/\/api.w.org\/{rel}","templated":true}]}}